{"id":2389,"date":"2020-04-10T00:27:07","date_gmt":"2020-04-10T00:27:07","guid":{"rendered":"https:\/\/www.kwpessoaseotrabalho.com\/?p=2389"},"modified":"2021-05-02T00:38:40","modified_gmt":"2021-05-02T00:38:40","slug":"fora-bolsonaro-fora-lula-fora-todos","status":"publish","type":"post","link":"https:\/\/www.kwpessoaseotrabalho.com\/index.php\/2020\/04\/10\/fora-bolsonaro-fora-lula-fora-todos\/","title":{"rendered":"Fora \u00e9 os man\u00edacos loucos!"},"content":{"rendered":"\n<p class=\"has-drop-cap\">A disputa continua acirrada n\u00e3o importa qu\u00e3o virulento seja o Covid. E o incr\u00edvel que a viol\u00eancia vem mais da direita, enquanto a esquerda est\u00e1 discreta, lutando ativamente mas sem desespero, em meio \u00e0s amea\u00e7as, mesmo tendo perdido o trono. Seu rei e rainha foram derrubados sem provas, um xeque que n\u00e3o deveria ser mate.<\/p>\n\n\n\n<p>Ontem, eram oito da noite e teve mais um &#8220;panela\u00e7o&#8221;. Da janela do meu apartamento comecei a ouvir o batuque met\u00e1lico enquanto o presidente fazia o seu pronunciamento de sempre, confuso e desmiolado. O mesmo som ouvido em 2016, mas com um grito diferente: &#8220;Fora Bolsonaro!&#8221; que substituiu o &#8220;Fora Lula&#8221;, De repente, uma voz masculina trovejou em meio \u00e0 este novo grito: &#8220;Fora Comunista&#8221;, seguido de um &#8220;Vai pra Cuba&#8221; juntando na mesma panela os que rejeitavam as loucuras do atual presidente com os reacion\u00e1rios de esquerda (que quase n\u00e3o se v\u00ea mais) e, visto que nem tudo que ronca \u00e9 porco, nem tudo que berra \u00e9 bode, nem tudo que reluz \u00e9 ouro e nem todo pobre revoltado \u00e9 comunista&#8221;.  O homem come\u00e7a a travar sozinho uma disputa insana de gritos que durou bastante tempo, at\u00e9 que as panelas se calaram e voltaram para os arm\u00e1rios. <\/p>\n\n\n\n<p>Me impressionou a intensidade da voz do homem que sobressa\u00eda \u00e0s panelas, parecia um rosnar feroz e que a amea\u00e7a atual fosse um v\u00edrus comunista. Um homem em guerra por uma fic\u00e7\u00e3o, pois se estivesse em s\u00e3 consci\u00eancia perceberia que estava lutando contra uma realidade. Talvez, para ele, a luta s\u00f3 vai terminar quando a superf\u00edcie plana da terra colar no teto do universo estrelado e esmagar a todos, inclusive a ele mesmo. Pois est\u00e1 claro e expl\u00edcito, como o azul do c\u00e9u no firmamento, que Bolsonaro \u00e9 um real despreparado para o cargo e, mais ainda, para o momento em que estamos vivendo. E \u00e9 ponto pac\u00edfico.  S\u00f3 que para ele \u00e9 guerra.<\/p>\n\n\n\n<p>Deixo aqui claro, antes de qualquer ira e xingamento, que n\u00e3o tenho partido. Ali\u00e1s, desprezo \u00e0 todas essas siglas que sugam as verbas do nosso dinheiro suado. Por mim, poderiam at\u00e9 deixar de existir. Escolho pelo indiv\u00edduo. Como faz o t\u00e9cnico quando escolhe os jogadores para compor a sele\u00e7\u00e3o nacional. N\u00e3o importa o time que perten\u00e7am. Pesquiso seu hist\u00f3rico, vejo quantos gols fez, analiso seus feitos, seus gestos, sua bagagem, sua estrat\u00e9gia e, n\u00e3o sendo, neste caso, apenas um jogador de futebol, pesquiso tamb\u00e9m seu percentual de empatia, intelig\u00eancia, conhecimento, a \u00e9tica na sua trajet\u00f3ria, sua luta, sua capacidade anal\u00edtica e como reage \u00e0 seus advers\u00e1rios (muito importante). E, mesmo assim, reconhe\u00e7o que \u00e9 uma aposta. <\/p>\n\n\n\n<p>E voltando ao vozerio, enquanto as panelas batiam, lembrei da corrup\u00e7\u00e3o. A grande praga a que todos se referem. Mas qual nada! N\u00e3o se iludam, pois a briga \u00e9 de cl\u00e3s. Foi apenas o pretexto para a ca\u00e7a \u00e0s bruxas. Que como na inquisi\u00e7\u00e3o, bastava flutuarem n&#8217;\u00e1gua para serem logo enforcadas como bruxas, os comunistas! <\/p>\n\n\n\n<p>Pa\u00eds de corrup\u00e7\u00e3o, da Lei de G\u00e9rson, do levar vantagem em tudo,  do pagamento com desconto sem recibo do m\u00e9dico, dos laranjas e das loterias fraudadas, do trabalho escravo, das malas endinheiradas, dos jatos com coca\u00edna, das propinas, do terror nos subterr\u00e2neos, das m\u00e1fias, dos funcion\u00e1rios fantasmas, das cadeiras desocupadas&#8230;.  Triste \u00e9 ver a corrup\u00e7\u00e3o assim t\u00e3o mal interpretada.<\/p>\n\n\n\n<figure class=\"wp-block-embed is-type-video is-provider-youtube wp-block-embed-youtube wp-embed-aspect-4-3 wp-has-aspect-ratio\"><div class=\"wp-block-embed__wrapper\">\n<span class=\"embed-youtube\" style=\"text-align:center; display: block;\"><iframe loading=\"lazy\" class=\"youtube-player\" width=\"640\" height=\"360\" src=\"https:\/\/www.youtube.com\/embed\/XkSJ9jm4SHQ?version=3&#038;rel=1&#038;showsearch=0&#038;showinfo=1&#038;iv_load_policy=1&#038;fs=1&#038;hl=pt-BR&#038;autohide=2&#038;wmode=transparent\" allowfullscreen=\"true\" style=\"border:0;\" sandbox=\"allow-scripts allow-same-origin allow-popups allow-presentation allow-popups-to-escape-sandbox\"><\/iframe><\/span>\n<\/div><\/figure>\n\n\n\n<p>  <\/p>\n\n\n\n<p>Quanto ao Covid, est\u00e1 em toda a parte, em todos os lados. Direita, esquerda, acima, abaixo e que, talvez tenha vindo pra mexer nas panelas e desandar a comida, principalmente aquela estocada.<\/p>\n\n\n\n<p>&#8220;Que fiquem os que efetivamente podem atirar a primeira pedra, quando seus telhados n\u00e3o s\u00e3o de vidro, ou que pelo menos fiquem os humildes e os desamparados, pois pelo menos eles t\u00eam alguma justificativa para errar&#8230;<\/p>\n\n\n\n<p>E fora aqueles que s\u00f3 olham seus pr\u00f3prios bolsos! <\/p>\n","protected":false},"excerpt":{"rendered":"<p>A disputa continua acirrada n\u00e3o importa qu\u00e3o virulento seja o Covid. E o incr\u00edvel que a viol\u00eancia vem mais da direita, enquanto a esquerda est\u00e1 discreta, lutando ativamente mas sem desespero, em meio \u00e0s amea\u00e7as, mesmo tendo perdido o trono&#8230;.<\/p>\n","protected":false},"author":1,"featured_media":2397,"comment_status":"open","ping_status":"open","sticky":false,"template":"","format":"standard","meta":{"jetpack_post_was_ever_published":false,"_jetpack_newsletter_access":"","_jetpack_dont_email_post_to_subs":false,"_jetpack_newsletter_tier_id":0,"_jetpack_memberships_contains_paywalled_content":false,"_jetpack_memberships_contains_paid_content":false,"footnotes":"","jetpack_publicize_message":"","jetpack_publicize_feature_enabled":true,"jetpack_social_post_already_shared":true,"jetpack_social_options":{"image_generator_settings":{"template":"highway","default_image_id":0,"font":"","enabled":false},"version":2}},"categories":[1],"tags":[],"class_list":["post-2389","post","type-post","status-publish","format-standard","has-post-thumbnail","hentry","category-humano-como-recurso"],"jetpack_publicize_connections":[],"jetpack_featured_media_url":"https:\/\/i0.wp.com\/www.kwpessoaseotrabalho.com\/wp-content\/uploads\/2020\/04\/lula-bolso.jpg?fit=1086%2C652&ssl=1","jetpack_sharing_enabled":true,"jetpack_shortlink":"https:\/\/wp.me\/p73n8l-Cx","_links":{"self":[{"href":"https:\/\/www.kwpessoaseotrabalho.com\/index.php\/wp-json\/wp\/v2\/posts\/2389","targetHints":{"allow":["GET"]}}],"collection":[{"href":"https:\/\/www.kwpessoaseotrabalho.com\/index.php\/wp-json\/wp\/v2\/posts"}],"about":[{"href":"https:\/\/www.kwpessoaseotrabalho.com\/index.php\/wp-json\/wp\/v2\/types\/post"}],"author":[{"embeddable":true,"href":"https:\/\/www.kwpessoaseotrabalho.com\/index.php\/wp-json\/wp\/v2\/users\/1"}],"replies":[{"embeddable":true,"href":"https:\/\/www.kwpessoaseotrabalho.com\/index.php\/wp-json\/wp\/v2\/comments?post=2389"}],"version-history":[{"count":14,"href":"https:\/\/www.kwpessoaseotrabalho.com\/index.php\/wp-json\/wp\/v2\/posts\/2389\/revisions"}],"predecessor-version":[{"id":3173,"href":"https:\/\/www.kwpessoaseotrabalho.com\/index.php\/wp-json\/wp\/v2\/posts\/2389\/revisions\/3173"}],"wp:featuredmedia":[{"embeddable":true,"href":"https:\/\/www.kwpessoaseotrabalho.com\/index.php\/wp-json\/wp\/v2\/media\/2397"}],"wp:attachment":[{"href":"https:\/\/www.kwpessoaseotrabalho.com\/index.php\/wp-json\/wp\/v2\/media?parent=2389"}],"wp:term":[{"taxonomy":"category","embeddable":true,"href":"https:\/\/www.kwpessoaseotrabalho.com\/index.php\/wp-json\/wp\/v2\/categories?post=2389"},{"taxonomy":"post_tag","embeddable":true,"href":"https:\/\/www.kwpessoaseotrabalho.com\/index.php\/wp-json\/wp\/v2\/tags?post=2389"}],"curies":[{"name":"wp","href":"https:\/\/api.w.org\/{rel}","templated":true}]}}