{"id":2543,"date":"2020-10-04T12:30:35","date_gmt":"2020-10-04T12:30:35","guid":{"rendered":"https:\/\/www.kwpessoaseotrabalho.com\/?p=2543"},"modified":"2021-05-01T22:38:07","modified_gmt":"2021-05-01T22:38:07","slug":"patri-monio","status":"publish","type":"post","link":"https:\/\/www.kwpessoaseotrabalho.com\/index.php\/2020\/10\/04\/patri-monio\/","title":{"rendered":"Patri-m\u00f4nio"},"content":{"rendered":"\n<p class=\"has-drop-cap\">De p\u00e1tria, patrono, patriarca, o patrim\u00f4nio, de substantivo concreto, no fim das contas \u00e9 abstrato. De concreto tem apenas o seu  fim, pelo menos para o ser terr\u00e1queo, pois quer queira quer n\u00e3o, ele morre em corpo despido e leva s\u00f3 a alma. <\/p>\n\n\n\n<p>Far\u00e1 suas contas e ver\u00e1 que os n\u00fameros n\u00e3o contam, no final, com o melhor ju\u00edzo, \u00e0 ele pedir\u00e3o apenas o registro de seus atos e, por fim, sem bolsos nem escrituras, ver\u00e1 realmente o quanto lhe ficou de cr\u00e9dito pelos atos e saber\u00e1 se tem direito \u00e0 uma moeda de troca que ali valha algo.<\/p>\n\n\n\n<p>Liberto de seus algozes, pesados ossos e carnes, ver\u00e1 se se enroscou, se se enrolou, se escravizou, se enganou, se naquela vida breve comprometeu \u00e0 outra, bem mais longa, eterna, e bem mais dif\u00edcil de consertar. \u00c9 que ao homem foi dificultado conhecer essa quest\u00e3o justo pelo fato de que \u00e9 na ingenuidade do prop\u00f3sito que passamos a agir pelo que somos na ess\u00eancia\u2026<\/p>\n\n\n\n<p>0 nosso efetivo patrim\u00f4nio.<\/p>\n\n\n\n<div class=\"wp-block-image\"><figure class=\"aligncenter size-large is-resized\"><img data-recalc-dims=\"1\" loading=\"lazy\" decoding=\"async\" src=\"https:\/\/i0.wp.com\/www.kwpessoaseotrabalho.com\/wp-content\/uploads\/2020\/11\/Patrimonio-Post-1-1.jpg?resize=501%2C281&#038;ssl=1\" alt=\"\" class=\"wp-image-2696\" width=\"501\" height=\"281\"\/><figcaption><em>O Esp\u00edrito e a Mat\u00e9ria de Michelangelo<\/em><\/figcaption><\/figure><\/div>\n\n\n\n<p>  <\/p>\n","protected":false},"excerpt":{"rendered":"<p>De p\u00e1tria, patrono, patriarca, o patrim\u00f4nio, de substantivo concreto, no fim das contas \u00e9 abstrato. De concreto tem apenas o seu fim, pelo menos para o ser terr\u00e1queo, pois quer queira quer n\u00e3o, ele morre em corpo despido e leva&#8230;<\/p>\n","protected":false},"author":1,"featured_media":2552,"comment_status":"open","ping_status":"closed","sticky":false,"template":"","format":"standard","meta":{"jetpack_post_was_ever_published":false,"_jetpack_newsletter_access":"","_jetpack_dont_email_post_to_subs":false,"_jetpack_newsletter_tier_id":0,"_jetpack_memberships_contains_paywalled_content":false,"_jetpack_memberships_contains_paid_content":false,"footnotes":"","jetpack_publicize_message":"","jetpack_publicize_feature_enabled":true,"jetpack_social_post_already_shared":true,"jetpack_social_options":{"image_generator_settings":{"template":"highway","default_image_id":0,"font":"","enabled":false},"version":2}},"categories":[1],"tags":[145,52],"class_list":["post-2543","post","type-post","status-publish","format-standard","has-post-thumbnail","hentry","category-humano-como-recurso","tag-a-materia-e-a-alma","tag-patrimonio"],"jetpack_publicize_connections":[],"jetpack_featured_media_url":"https:\/\/i0.wp.com\/www.kwpessoaseotrabalho.com\/wp-content\/uploads\/2020\/10\/o-rei-esta-nu.jpg?fit=1280%2C720&ssl=1","jetpack_sharing_enabled":true,"jetpack_shortlink":"https:\/\/wp.me\/p73n8l-F1","_links":{"self":[{"href":"https:\/\/www.kwpessoaseotrabalho.com\/index.php\/wp-json\/wp\/v2\/posts\/2543","targetHints":{"allow":["GET"]}}],"collection":[{"href":"https:\/\/www.kwpessoaseotrabalho.com\/index.php\/wp-json\/wp\/v2\/posts"}],"about":[{"href":"https:\/\/www.kwpessoaseotrabalho.com\/index.php\/wp-json\/wp\/v2\/types\/post"}],"author":[{"embeddable":true,"href":"https:\/\/www.kwpessoaseotrabalho.com\/index.php\/wp-json\/wp\/v2\/users\/1"}],"replies":[{"embeddable":true,"href":"https:\/\/www.kwpessoaseotrabalho.com\/index.php\/wp-json\/wp\/v2\/comments?post=2543"}],"version-history":[{"count":28,"href":"https:\/\/www.kwpessoaseotrabalho.com\/index.php\/wp-json\/wp\/v2\/posts\/2543\/revisions"}],"predecessor-version":[{"id":3158,"href":"https:\/\/www.kwpessoaseotrabalho.com\/index.php\/wp-json\/wp\/v2\/posts\/2543\/revisions\/3158"}],"wp:featuredmedia":[{"embeddable":true,"href":"https:\/\/www.kwpessoaseotrabalho.com\/index.php\/wp-json\/wp\/v2\/media\/2552"}],"wp:attachment":[{"href":"https:\/\/www.kwpessoaseotrabalho.com\/index.php\/wp-json\/wp\/v2\/media?parent=2543"}],"wp:term":[{"taxonomy":"category","embeddable":true,"href":"https:\/\/www.kwpessoaseotrabalho.com\/index.php\/wp-json\/wp\/v2\/categories?post=2543"},{"taxonomy":"post_tag","embeddable":true,"href":"https:\/\/www.kwpessoaseotrabalho.com\/index.php\/wp-json\/wp\/v2\/tags?post=2543"}],"curies":[{"name":"wp","href":"https:\/\/api.w.org\/{rel}","templated":true}]}}