{"id":2931,"date":"2021-02-10T02:51:03","date_gmt":"2021-02-10T02:51:03","guid":{"rendered":"https:\/\/www.kwpessoaseotrabalho.com\/?p=2931"},"modified":"2021-05-01T21:58:17","modified_gmt":"2021-05-01T21:58:17","slug":"rio-sem-carnaval","status":"publish","type":"post","link":"https:\/\/www.kwpessoaseotrabalho.com\/index.php\/2021\/02\/10\/rio-sem-carnaval\/","title":{"rendered":"Rio sem carnaval"},"content":{"rendered":"\n<p><a href=\"https:\/\/g1.globo.com\/rj\/rio-de-janeiro\/noticia\/2021\/02\/05\/em-decreto-paes-proibe-desfiles-de-escolas-de-samba-e-blocos-no-carnaval.ghtmlhttps:\/\/g1.globo.com\/rj\/rio-de-janeiro\/noticia\/2021\/02\/05\/em-decreto-paes-proibe-desfiles-de-escolas-de-samba-e-blocos-no-carnaval.ghtml\">https:\/\/g1.globo.com\/rj\/rio-de-janeiro\/noticia\/2021\/02\/05\/em-decreto-paes-proibe-desfiles-de-escolas-de-samba-e-blocos-no-carnaval.ghtmlhttps:\/\/g1.globo.com\/rj\/rio-de-janeiro\/noticia\/2021\/02\/05\/em-decreto-paes-proibe-desfiles-de-escolas-de-samba-e-blocos-no-carnaval.ghtml<\/a><\/p>\n\n\n\n<p class=\"has-drop-cap\">N\u00e3o sou &#8216;aquela&#8221; foli\u00e3 de carteirinha&#8221;. Pelo menos n\u00e3o daquelas que entra num bloco e sai do outro, virando noite, trocando fantasias. N\u00e3o viro cinzas na quarta feira por causa da \u00e1gua perdida do corpo, desfeita pelo cansa\u00e7o, pela fadiga. Mas Rio sem carnaval, reconhe\u00e7o, \u00e9 literalmente &#8220;Buchecha sem Claudinho, circo sem palha\u00e7o&#8221;, vai ficar faltando algo. O metr\u00f4 e as ruas n\u00e3o v\u00e3o ter aquele colorido, o brilho das purpurinas, a gra\u00e7a do travesti, do improviso, do bom humor esculachado, da liberdade de sair fantasiado.<\/p>\n\n\n\n<p>Mas \u00e9 o que sem tem para este ano&#8230; mais sofrer\u00e3o as escolas de samba que sobrevivem literalmente desse evento.<\/p>\n\n\n\n<p>Prevejo que muitos v\u00e3o querer ser espertos e tentar driblar nas ruas as restri\u00e7\u00f5es decretadas: <\/p>\n\n\n\n<p> <em>&#8221; -J\u00e1 estamos mascarados&#8230; O que?? O \u00e1lcool?! N\u00e3o \u00e9 o gel, mas t\u00e1 na m\u00e3o, estupidamente gelado&#8221;.<\/em><\/p>\n\n\n\n<p>Paes \u00e9 um carioca da gema que pode se intitular &#8220;O Carnavalesco&#8221;, mas a coisa t\u00e1 s\u00e9ria em nossos hospitais. N\u00e3o h\u00e1 leitos. N\u00e3o se brinca se n\u00e3o h\u00e1 fantasia. Imagina numa festa onde se cultua a indisciplina. N\u00e3o d\u00e1. Ele est\u00e1 certo.<\/p>\n\n\n\n<p>Ent\u00e3o vamos nessa marchinha para 2021: <\/p>\n\n\n\n<p>&#8220;Este ano n\u00e3o vai ser,<br>Igual aquele que passou,<br>Eu brinquei,<br>Voc\u00ea tamb\u00e9m brincou,<br>Aquela fantasia,<br>Que eu comprei fica guardada,<br>E a sua tamb\u00e9m, fica pendurada<\/p>\n\n\n\n<p>Este ano, est\u00e1 combinado,<br>\u00c9 voc\u00ea pra l\u00e1, eu pra c\u00e1&#8230;<\/p>\n\n\n\n<p>Se acaso meu bloco,<br>N\u00e3o for pra rua,<br>N\u00e3o tem problema,<br>Ningu\u00e9m morreu&#8221;<\/p>\n\n\n\n<p>Pois \u00e9 o que h\u00e1. \u00c9 o que importa.<\/p>\n\n\n\n<p>No pr\u00f3ximo ano a folia volta, <\/p>\n\n\n\n<p>pois tudo s\u00f3 far\u00e1 mais sentido,<\/p>\n\n\n\n<p>Se eu e voc\u00ea at\u00e9 l\u00e1 estivermos vivos!<\/p>\n\n\n\n<p>PS: Eu, por mim, vou trocar o feriado. Vou de <em>camaval<\/em>! <\/p>\n\n\n\n<p> <\/p>\n","protected":false},"excerpt":{"rendered":"<p>https:\/\/g1.globo.com\/rj\/rio-de-janeiro\/noticia\/2021\/02\/05\/em-decreto-paes-proibe-desfiles-de-escolas-de-samba-e-blocos-no-carnaval.ghtmlhttps:\/\/g1.globo.com\/rj\/rio-de-janeiro\/noticia\/2021\/02\/05\/em-decreto-paes-proibe-desfiles-de-escolas-de-samba-e-blocos-no-carnaval.ghtml N\u00e3o sou &#8216;aquela&#8221; foli\u00e3 de carteirinha&#8221;. Pelo menos n\u00e3o daquelas que entra num bloco e sai do outro, virando noite, trocando fantasias. N\u00e3o viro cinzas na quarta feira por causa da \u00e1gua perdida do corpo, desfeita pelo cansa\u00e7o, pela&#8230;<\/p>\n","protected":false},"author":1,"featured_media":2934,"comment_status":"open","ping_status":"closed","sticky":false,"template":"","format":"standard","meta":{"jetpack_post_was_ever_published":false,"_jetpack_newsletter_access":"","_jetpack_dont_email_post_to_subs":false,"_jetpack_newsletter_tier_id":0,"_jetpack_memberships_contains_paywalled_content":false,"_jetpack_memberships_contains_paid_content":false,"footnotes":"","jetpack_publicize_message":"","jetpack_publicize_feature_enabled":true,"jetpack_social_post_already_shared":true,"jetpack_social_options":{"image_generator_settings":{"template":"highway","default_image_id":0,"font":"","enabled":false},"version":2}},"categories":[1,107],"tags":[96,97,98,83],"class_list":["post-2931","post","type-post","status-publish","format-standard","has-post-thumbnail","hentry","category-humano-como-recurso","category-globalizado-com","tag-carnaval","tag-fantasia","tag-feriado","tag-rio"],"jetpack_publicize_connections":[],"jetpack_featured_media_url":"https:\/\/i0.wp.com\/www.kwpessoaseotrabalho.com\/wp-content\/uploads\/2021\/02\/Pierrot.jpg?fit=300%2C250&ssl=1","jetpack_sharing_enabled":true,"jetpack_shortlink":"https:\/\/wp.me\/p73n8l-Lh","_links":{"self":[{"href":"https:\/\/www.kwpessoaseotrabalho.com\/index.php\/wp-json\/wp\/v2\/posts\/2931","targetHints":{"allow":["GET"]}}],"collection":[{"href":"https:\/\/www.kwpessoaseotrabalho.com\/index.php\/wp-json\/wp\/v2\/posts"}],"about":[{"href":"https:\/\/www.kwpessoaseotrabalho.com\/index.php\/wp-json\/wp\/v2\/types\/post"}],"author":[{"embeddable":true,"href":"https:\/\/www.kwpessoaseotrabalho.com\/index.php\/wp-json\/wp\/v2\/users\/1"}],"replies":[{"embeddable":true,"href":"https:\/\/www.kwpessoaseotrabalho.com\/index.php\/wp-json\/wp\/v2\/comments?post=2931"}],"version-history":[{"count":7,"href":"https:\/\/www.kwpessoaseotrabalho.com\/index.php\/wp-json\/wp\/v2\/posts\/2931\/revisions"}],"predecessor-version":[{"id":2939,"href":"https:\/\/www.kwpessoaseotrabalho.com\/index.php\/wp-json\/wp\/v2\/posts\/2931\/revisions\/2939"}],"wp:featuredmedia":[{"embeddable":true,"href":"https:\/\/www.kwpessoaseotrabalho.com\/index.php\/wp-json\/wp\/v2\/media\/2934"}],"wp:attachment":[{"href":"https:\/\/www.kwpessoaseotrabalho.com\/index.php\/wp-json\/wp\/v2\/media?parent=2931"}],"wp:term":[{"taxonomy":"category","embeddable":true,"href":"https:\/\/www.kwpessoaseotrabalho.com\/index.php\/wp-json\/wp\/v2\/categories?post=2931"},{"taxonomy":"post_tag","embeddable":true,"href":"https:\/\/www.kwpessoaseotrabalho.com\/index.php\/wp-json\/wp\/v2\/tags?post=2931"}],"curies":[{"name":"wp","href":"https:\/\/api.w.org\/{rel}","templated":true}]}}