{"id":3584,"date":"2021-11-20T02:32:31","date_gmt":"2021-11-20T02:32:31","guid":{"rendered":"https:\/\/www.kwpessoaseotrabalho.com\/?p=3584"},"modified":"2021-11-21T14:08:01","modified_gmt":"2021-11-21T14:08:01","slug":"sabedoria-de-esquina-episodio-2-manifesto-apoteotico","status":"publish","type":"post","link":"https:\/\/www.kwpessoaseotrabalho.com\/index.php\/2021\/11\/20\/sabedoria-de-esquina-episodio-2-manifesto-apoteotico\/","title":{"rendered":"Sabedoria de Esquina: Epis\u00f3dio 2 &#8211; Manifesto Apote\u00f3tico"},"content":{"rendered":"\n<p class=\"has-medium-font-size\">2022, a popula\u00e7\u00e3o carioca quase inteira na rua, milhares de corpos sobre o asfalto escaldante, com fantasias de infinitas cores e prop\u00f3sitos dos mais ex\u00f3ticos aos mais singelos. <\/p>\n\n\n\n<p class=\"has-medium-font-size\">A concentra\u00e7\u00e3o tinha sido marcada para as 10h na Candel\u00e1ria. Pouco a pouco, conforme o sol ia esquentando, as pessoas iam chegando. Agrupadas, sozinhas, comprometidas ou s\u00f3 de passagem. <\/p>\n\n\n\n<p class=\"has-medium-font-size\">O itiner\u00e1rio estava programado para sair da Avenida Presidente Vargas e ir caminhando at\u00e9 chegar \u00e0 Apoteose, no Est\u00e1cio, onde, \u00e0 espera, aguardava um gigantesco palco para receber os mais ilustres e famosos pol\u00edticos e artistas. <\/p>\n\n\n\n<p class=\"has-medium-font-size\">O programa inclu\u00eda samba e muita &#8216;gelada&#8217;. Isso para esquentar e arrefecer em simult\u00e2neo a goela e o cora\u00e7\u00e3o, O entusiasmo era grande, pois que sendo fevereiro, e sendo Rio de Janeiro, n\u00e3o podia deixar de ter a gl\u00f3ria e o brilho de um carnaval, mesmo que ainda n\u00e3o fosse o momento. <\/p>\n\n\n\n<p class=\"has-medium-font-size\">Contudo alguma coisa ali havia de estranho. <\/p>\n\n\n\n<p class=\"has-medium-font-size\">Diria que o povo estava meio desconcentrado, meio desatento, mais do que o costume quanto ao prop\u00f3sito do evento. O que havia de certo \u00e9 que traziam nas m\u00e3os e nas cabe\u00e7as muitos adere\u00e7os.<\/p>\n\n\n\n<p class=\"has-medium-font-size\">E l\u00e1 come\u00e7ou a batucada&#8230;<\/p>\n\n\n\n<p class=\"has-medium-font-size\">Como disse, alguns vinham em grupos, outros iam se agrupando aos poucos Tudo isso ao som de um sonoro batuque que variava de ritmo conforme o lado em que se escolhia ficar. Havia aquele em que o bumbo comandava com um samba de uma escola, no outro, eram os tambores dos \u00edndios. Mais a frente, o som dos berimbaus com a capoeira dos baianos. Essa miscel\u00e2nea em volume de som m\u00e1ximo impedia as pessoas de se falarem, o que at\u00e9 deixava o evento ainda mais animado. <\/p>\n\n\n\n<p class=\"has-medium-font-size\">Havia alguns, j\u00e1 meio &#8216;calibrados&#8217; na cerveja, que gritavam alguma coisa que n\u00e3o se entendia bem. Enquanto outros cantarolavam um la la l\u00e1 abafado pelo rufar do batuque.<\/p>\n\n\n\n<p class=\"has-medium-font-size\">Cores eram todas poss\u00edveis, costumes e peles. Entre \u00edndios, brancos, penas e turbantes combinando com vestes e fantasias, at\u00e9 tinha os que, sem muita imagina\u00e7\u00e3o, vestiam s\u00f3 a camisa da sele\u00e7\u00e3o. <\/p>\n\n\n\n<p class=\"has-medium-font-size\">Na hora certa l\u00e1 foram todos caminhando lentamente ao destino.<\/p>\n\n\n\n<p class=\"has-medium-font-size\">Quando chegaram \u00e0 apoteose, come\u00e7aram a se posicionar se espalhando por aquele imenso espa\u00e7o e muitos j\u00e1 come\u00e7aram a arrumar seus apetrechos, muitos deles trazidos o tempo todo debaixo do bra\u00e7o. <\/p>\n\n\n\n<p class=\"has-medium-font-size\">E eis que acontece o inesperado. Eu bem que disse que havia algo estranho&#8230; \u00e9 que conforme as faixas e bandeiras iam sendo i\u00e7adas de suas mochilas e sovacos, ia se percebendo que aquilo mais parecia uma sopa de letras, diria mais, um &#8216;levanta defunto&#8217;. \u00c9 que tinha de tudo! <\/p>\n\n\n\n<p class=\"has-medium-font-size\">O erro foi dos organizadores que misturaram as datas na rede. Tudo para o mesmo dia e hor\u00e1rio. Uma perigosa pane no sistema de eventos aconteceu no Facebook. <\/p>\n\n\n\n<p class=\"has-medium-font-size\">Fato \u00e9 que j\u00e1 n\u00e3o se sabia mais quem era um e quem era o outro, quem estava se manifestando ou apenas se fantasiando. Enfim, ningu\u00e9m mais sabia qual evento estava rolando. Tinha gente fardada bebendo gelada, \u00edndio branco e de olho puxado, Pel\u00e9 usando turbante e a cara de um homem ora como presidente, ora como presidi\u00e1rio. <\/p>\n\n\n\n<p class=\"has-medium-font-size\">Uma confus\u00e3o que nem te conto. <\/p>\n\n\n\n<p class=\"has-medium-font-size\">De in\u00edcio, o choque. Principalmente da tropa que fazia a seguran\u00e7a do evento. E nos bastidores do palco, nem se fala, n\u00e3o se sabia mais quem entrava ou sa\u00eda correndo. Os pol\u00edticos se entreolhavam com cara de maus amigos e os artistas, ah! Os artistas queriam fazer era arte mesmo.<\/p>\n\n\n\n<p class=\"has-medium-font-size\">Vai e vem, e v\u00ea quem fica, no final, n\u00e3o havia outro rem\u00e9dio que distrair a multid\u00e3o antes que aquilo virasse um campo de batalha. Ou se vencia com fogos de armas ou se acendia os de artif\u00edcio. <\/p>\n\n\n\n<p class=\"has-medium-font-size\">Os blocos decidiram ent\u00e3o se organizar, pois o calor s\u00f3 aumentava. E, sendo o carnaval a festa da carne, e sendo que carne n\u00e3o pensa,  pois isso \u00e9 coisa da mente, que \u00e9 como barra de manteiga, quanto mais esquenta, derrete, a cerveja sozinha deu conta do recado. Desceu redondo e terminou num abra\u00e7o, &#8216;Aquele Abra\u00e7o&#8217;!  <\/p>\n\n\n\n<p class=\"has-medium-font-size\">A apoteose se iluminou com o voto un\u00e2nime popular de que samba e suor s\u00f3 combinam com a fantasia. E isso todos ali tinham.<\/p>\n\n\n\n<p class=\"has-medium-font-size\">Por fim, a festa rolou at\u00e9 de madrugada entre passos e compassos, ap\u00f3s tanta engonha, mazelas enrustidas e uma quarentena. Agora o que interessava mesmo era ganhar a nota m\u00e1xima s\u00f3 num quesito, o da alegria. <\/p>\n\n\n\n<p class=\"has-medium-font-size\">Quando a festa acabou, foi cada um para seu lado, sabendo, entretanto que quando se reencontrassem seriam novamente inimigos. \u00c9 que carnaval \u00e9 bom, mas acaba e a fantasia volta para o arm\u00e1rio.<\/p>\n\n\n\n<p class=\"has-medium-font-size\">E o que se aprendeu precisamente nessa esquina de fic\u00e7\u00e3o futurista&#8230;  <\/p>\n\n\n\n<p class=\"has-medium-font-size\"><em>Um dia todo mundo se encontra&#8230; <\/em><\/p>\n\n\n\n<p class=\"has-text-align-center has-medium-font-size\"><em>seja no carnaval, num bar da esquina, ou outra ocasi\u00e3o (Lucas B).<\/em><\/p>\n\n\n\n<p class=\"has-medium-font-size\">e um destino.<\/p>\n\n\n\n<p><\/p>\n\n\n\n<p class=\"has-medium-font-size\"> <\/p>\n\n\n\n<p><\/p>\n\n\n\n<p class=\"has-medium-font-size\">   <\/p>\n\n\n\n<p><\/p>\n","protected":false},"excerpt":{"rendered":"<p>2022, a popula\u00e7\u00e3o carioca quase inteira na rua, milhares de corpos sobre o asfalto escaldante, com fantasias de infinitas cores e prop\u00f3sitos dos mais ex\u00f3ticos aos mais singelos. A concentra\u00e7\u00e3o tinha sido marcada para as 10h na Candel\u00e1ria. Pouco a&#8230;<\/p>\n","protected":false},"author":1,"featured_media":3644,"comment_status":"open","ping_status":"closed","sticky":false,"template":"","format":"standard","meta":{"jetpack_post_was_ever_published":false,"_jetpack_newsletter_access":"","_jetpack_dont_email_post_to_subs":false,"_jetpack_newsletter_tier_id":0,"_jetpack_memberships_contains_paywalled_content":false,"_jetpack_memberships_contains_paid_content":false,"footnotes":"","jetpack_publicize_message":"","jetpack_publicize_feature_enabled":true,"jetpack_social_post_already_shared":true,"jetpack_social_options":{"image_generator_settings":{"template":"highway","default_image_id":0,"font":"","enabled":false},"version":2}},"categories":[1],"tags":[],"class_list":["post-3584","post","type-post","status-publish","format-standard","has-post-thumbnail","hentry","category-humano-como-recurso"],"jetpack_publicize_connections":[],"jetpack_featured_media_url":"https:\/\/i0.wp.com\/www.kwpessoaseotrabalho.com\/wp-content\/uploads\/2021\/11\/apoteose.jpg?fit=800%2C518&ssl=1","jetpack_sharing_enabled":true,"jetpack_shortlink":"https:\/\/wp.me\/p73n8l-VO","_links":{"self":[{"href":"https:\/\/www.kwpessoaseotrabalho.com\/index.php\/wp-json\/wp\/v2\/posts\/3584","targetHints":{"allow":["GET"]}}],"collection":[{"href":"https:\/\/www.kwpessoaseotrabalho.com\/index.php\/wp-json\/wp\/v2\/posts"}],"about":[{"href":"https:\/\/www.kwpessoaseotrabalho.com\/index.php\/wp-json\/wp\/v2\/types\/post"}],"author":[{"embeddable":true,"href":"https:\/\/www.kwpessoaseotrabalho.com\/index.php\/wp-json\/wp\/v2\/users\/1"}],"replies":[{"embeddable":true,"href":"https:\/\/www.kwpessoaseotrabalho.com\/index.php\/wp-json\/wp\/v2\/comments?post=3584"}],"version-history":[{"count":38,"href":"https:\/\/www.kwpessoaseotrabalho.com\/index.php\/wp-json\/wp\/v2\/posts\/3584\/revisions"}],"predecessor-version":[{"id":3671,"href":"https:\/\/www.kwpessoaseotrabalho.com\/index.php\/wp-json\/wp\/v2\/posts\/3584\/revisions\/3671"}],"wp:featuredmedia":[{"embeddable":true,"href":"https:\/\/www.kwpessoaseotrabalho.com\/index.php\/wp-json\/wp\/v2\/media\/3644"}],"wp:attachment":[{"href":"https:\/\/www.kwpessoaseotrabalho.com\/index.php\/wp-json\/wp\/v2\/media?parent=3584"}],"wp:term":[{"taxonomy":"category","embeddable":true,"href":"https:\/\/www.kwpessoaseotrabalho.com\/index.php\/wp-json\/wp\/v2\/categories?post=3584"},{"taxonomy":"post_tag","embeddable":true,"href":"https:\/\/www.kwpessoaseotrabalho.com\/index.php\/wp-json\/wp\/v2\/tags?post=3584"}],"curies":[{"name":"wp","href":"https:\/\/api.w.org\/{rel}","templated":true}]}}