{"id":38,"date":"2022-08-27T13:18:00","date_gmt":"2022-08-27T13:18:00","guid":{"rendered":"http:\/\/www.kwspessoaseotrabalho.com\/?p=38"},"modified":"2022-08-28T17:55:42","modified_gmt":"2022-08-28T17:55:42","slug":"a-perda-da-identidade","status":"publish","type":"post","link":"https:\/\/www.kwpessoaseotrabalho.com\/index.php\/2022\/08\/27\/a-perda-da-identidade\/","title":{"rendered":"A Perda da Identidade"},"content":{"rendered":"\n<p class=\"has-drop-cap\">No jardim do \u00c9den ou mais provavelmente numa caverna primitiva, n\u00e3o se sabe exatamente onde ou quando, mas fato \u00e9 que, a partir do momento em que os humanos passaram a experimentar o conv\u00edvio social passaram a atribuir o direito \u00e0 si pr\u00f3prio de criar uma identidade grupal, abrindo m\u00e3o da sua, como indiv\u00edduo.<\/p>\n\n\n\n<p>O motivo \u00e9 justific\u00e1vel. Com mentes primitivas e selvagens, se cada um ao seu modo vivesse como lhe desse na telha seria muito dif\u00edcil domar a esp\u00e9cie, acabar\u00edamos nos matando, ou nos isolar\u00edamos, tornando-nos presas f\u00e1ceis para outros perigos. Decerto n\u00e3o sobreviver\u00edamos&#8230; <\/p>\n\n\n\n<p>Ent\u00e3o, digamos que foi uma medida necess\u00e1ria na \u00e9poca essa uni\u00e3o coletiva. tanto que, em seguida, virou fato consumado e, mais um passo adiante, se institucionalizou como h\u00e1bito. Agora, j\u00e1 funciona em modo avi\u00e3o com piloto autom\u00e1tico, selado no inconsciente coletivo num indiv\u00edduo com muitos c\u00e9rebros e bra\u00e7os. <\/p>\n\n\n\n<p>A popula\u00e7\u00e3o se desenvolveu, cresceu, formou grandes cidades, numerosos agrupamentos, na\u00e7\u00f5es, mas para salvaguardar o controle de natureza emocional que ainda teimava em sair das entranhas do pr\u00f3prio indiv\u00edduo, outros recursos foram criados para conter o perigo. Um deles, talvez o mais eficiente, chamaram de religi\u00e3o. Agora sim, parecem que conseguiram fechar o cerco. Corpo. mente e at\u00e9 o esp\u00edrito! Tudo sob controle! Na pr\u00e9-hist\u00f3ria ficou s\u00f3 o indiv\u00edduo.<\/p>\n\n\n\n<p>N\u00e3o sou psic\u00f3loga, n\u00e3o conhe\u00e7o muito da natureza humana, a sua origem, mas pelo que j\u00e1 vivi, li e refleti, reconhe\u00e7o que h\u00e1 algo que trazemos de perigoso nela, que nada se assemelha aos anjos e aos seres celestiais que dizem, supostamente, terem nos encaminhado e que um dia, qui\u00e7\u00e1, nos receber\u00e3o de volta.<\/p>\n\n\n\n<p>Uma crian\u00e7a nasce pura, \u00e9 fato, mas teorias e estudos diversificados, alguns at\u00e9 controversos, afirmam que ela traz consigo tra\u00e7os de personalidade influenciados pela gen\u00e9tica, posi\u00e7\u00f5es astrol\u00f3gicas, evolu\u00e7\u00e3o espiritual, carma, sensa\u00e7\u00f5es intrauterinas, e por a\u00ed vai&#8230; logo, fica dif\u00edcil saber se genuinamente estar\u00edamos falando de um ser livre de problemas. <\/p>\n\n\n\n<p>Tivemos alguns exemplos dentro da hist\u00f3ria que se destacaram como indiv\u00edduos. Foram atos isolados, projetos, personalidades geniais, que n\u00e3o se deixaram influenciar pela tend\u00eancia geral e apostaram, lutaram e tiveram por isso, os resultados mais inacredit\u00e1veis que poder\u00edamos suspeitar, tanto pelo positivo quanto pelo negativo, mas sempre pelos extremos, nunca pela linha do meio. Muitos morreram em hosp\u00edcios, outros foram queimados, torturados ou abduzidos, obras extintas e outras escondidas, mas se hoje mencionamos nomes que marcaram a hist\u00f3ria com seus trabalhos, ou que pelos menos fizeram com que estes permanecessem, foi gra\u00e7as \u00e0 liberdade de serem eles mesmos.<\/p>\n\n\n\n<p>A diferen\u00e7a entre esses e a grande maioria, \u00e9 que as suas identidades individuais n\u00e3o sucumbiram. Os seus trabalhos foram relevantes porque n\u00e3o foram trabalhos, foram consequ\u00eancias naturais de si mesmos.<\/p>\n\n\n\n<p>\u00c9 a\u00ed que est\u00e1 o mist\u00e9rio de uma vida entre a raz\u00e3o e a emo\u00e7\u00e3o, a autenticidade da obra.<\/p>\n\n\n\n<figure class=\"wp-block-embed is-type-video is-provider-youtube wp-block-embed-youtube wp-embed-aspect-16-9 wp-has-aspect-ratio\"><div class=\"wp-block-embed__wrapper\">\n<span class=\"embed-youtube\" style=\"text-align:center; display: block;\"><iframe loading=\"lazy\" class=\"youtube-player\" width=\"640\" height=\"360\" src=\"https:\/\/www.youtube.com\/embed\/sMaWuh6nw3g?version=3&#038;rel=1&#038;showsearch=0&#038;showinfo=1&#038;iv_load_policy=1&#038;fs=1&#038;hl=pt-BR&#038;autohide=2&#038;wmode=transparent\" allowfullscreen=\"true\" style=\"border:0;\" sandbox=\"allow-scripts allow-same-origin allow-popups allow-presentation allow-popups-to-escape-sandbox\"><\/iframe><\/span>\n<\/div><\/figure>\n","protected":false},"excerpt":{"rendered":"<p>No jardim do \u00c9den ou mais provavelmente numa caverna primitiva, n\u00e3o se sabe exatamente onde ou quando, mas fato \u00e9 que, a partir do momento em que os humanos passaram a experimentar o conv\u00edvio social passaram a atribuir o direito&#8230;<\/p>\n","protected":false},"author":1,"featured_media":4014,"comment_status":"open","ping_status":"open","sticky":false,"template":"","format":"standard","meta":{"jetpack_post_was_ever_published":false,"_jetpack_newsletter_access":"","_jetpack_dont_email_post_to_subs":false,"_jetpack_newsletter_tier_id":0,"_jetpack_memberships_contains_paywalled_content":false,"_jetpack_memberships_contains_paid_content":false,"footnotes":"","jetpack_publicize_message":"perde-se o indiv\u00edduo ganha-se bra\u00e7os","jetpack_publicize_feature_enabled":true,"jetpack_social_post_already_shared":true,"jetpack_social_options":{"image_generator_settings":{"template":"highway","default_image_id":0,"font":"","enabled":false},"version":2}},"categories":[1],"tags":[],"class_list":["post-38","post","type-post","status-publish","format-standard","has-post-thumbnail","hentry","category-humano-como-recurso"],"jetpack_publicize_connections":[],"jetpack_featured_media_url":"https:\/\/i0.wp.com\/www.kwpessoaseotrabalho.com\/wp-content\/uploads\/2015\/10\/Identidade-social.jpg?fit=1600%2C1067&ssl=1","jetpack_sharing_enabled":true,"jetpack_shortlink":"https:\/\/wp.me\/p73n8l-C","_links":{"self":[{"href":"https:\/\/www.kwpessoaseotrabalho.com\/index.php\/wp-json\/wp\/v2\/posts\/38","targetHints":{"allow":["GET"]}}],"collection":[{"href":"https:\/\/www.kwpessoaseotrabalho.com\/index.php\/wp-json\/wp\/v2\/posts"}],"about":[{"href":"https:\/\/www.kwpessoaseotrabalho.com\/index.php\/wp-json\/wp\/v2\/types\/post"}],"author":[{"embeddable":true,"href":"https:\/\/www.kwpessoaseotrabalho.com\/index.php\/wp-json\/wp\/v2\/users\/1"}],"replies":[{"embeddable":true,"href":"https:\/\/www.kwpessoaseotrabalho.com\/index.php\/wp-json\/wp\/v2\/comments?post=38"}],"version-history":[{"count":36,"href":"https:\/\/www.kwpessoaseotrabalho.com\/index.php\/wp-json\/wp\/v2\/posts\/38\/revisions"}],"predecessor-version":[{"id":4031,"href":"https:\/\/www.kwpessoaseotrabalho.com\/index.php\/wp-json\/wp\/v2\/posts\/38\/revisions\/4031"}],"wp:featuredmedia":[{"embeddable":true,"href":"https:\/\/www.kwpessoaseotrabalho.com\/index.php\/wp-json\/wp\/v2\/media\/4014"}],"wp:attachment":[{"href":"https:\/\/www.kwpessoaseotrabalho.com\/index.php\/wp-json\/wp\/v2\/media?parent=38"}],"wp:term":[{"taxonomy":"category","embeddable":true,"href":"https:\/\/www.kwpessoaseotrabalho.com\/index.php\/wp-json\/wp\/v2\/categories?post=38"},{"taxonomy":"post_tag","embeddable":true,"href":"https:\/\/www.kwpessoaseotrabalho.com\/index.php\/wp-json\/wp\/v2\/tags?post=38"}],"curies":[{"name":"wp","href":"https:\/\/api.w.org\/{rel}","templated":true}]}}