{"id":627,"date":"2017-05-09T17:07:24","date_gmt":"2017-05-09T17:07:24","guid":{"rendered":"http:\/\/www.kwspessoaseotrabalho.com\/?p=627"},"modified":"2018-05-07T12:02:17","modified_gmt":"2018-05-07T12:02:17","slug":"a-carioca-do-joao-felipe","status":"publish","type":"post","link":"https:\/\/www.kwpessoaseotrabalho.com\/index.php\/2017\/05\/09\/a-carioca-do-joao-felipe\/","title":{"rendered":"A Carioca do Jo\u00e3o Felipe"},"content":{"rendered":"<blockquote>\n<p style=\"text-align: center;\"><strong><em>A CARIOCA DO JO\u00c3O FELIPE<\/em><\/strong><\/p>\n<\/blockquote>\n<p>Saio do Metr\u00f4 no hor\u00e1rio de rush e outros passageiros descem comigo, todos apressados, a grande maioria vai rumo \u00e0 mais uma jornada de trabalho. A esta\u00e7\u00e3o est\u00e1 sempre bem movimentada e \u00e9 conhecida, merecidamente, \u00a0pelo nome do Largo que a batiza, de &#8221; A Carioca&#8221;, pr\u00f3ximo ao Mosteiro de Santo Ant\u00f4nio, lugar de muitas hist\u00f3rias.<\/p>\n<p><a href=\"https:\/\/i0.wp.com\/www.kwpessoaseotrabalho.com\/wp-content\/uploads\/2017\/05\/largo-da-carioca.jpg?ssl=1\"><img data-recalc-dims=\"1\" loading=\"lazy\" decoding=\"async\" class=\"size-medium wp-image-796 aligncenter\" src=\"https:\/\/i0.wp.com\/www.kwpessoaseotrabalho.com\/wp-content\/uploads\/2017\/05\/largo-da-carioca.jpg?resize=300%2C133&#038;ssl=1\" alt=\"\" width=\"300\" height=\"133\" srcset=\"https:\/\/i0.wp.com\/www.kwpessoaseotrabalho.com\/wp-content\/uploads\/2017\/05\/largo-da-carioca.jpg?resize=300%2C133&amp;ssl=1 300w, https:\/\/i0.wp.com\/www.kwpessoaseotrabalho.com\/wp-content\/uploads\/2017\/05\/largo-da-carioca.jpg?w=750&amp;ssl=1 750w\" sizes=\"auto, (max-width: 300px) 100vw, 300px\" \/><\/a><\/p>\n<p>Apesar da multid\u00e3o, as pessoas seguem em sil\u00eancio \u00e0 passos largos para chegarem ao trabalho ou de retorno \u00e0s suas casas. Quase sempre est\u00e3o com uma apar\u00eancia cansada ou estressada pela balb\u00fardia do bairro agitado ou dos seus pr\u00f3prios pensamentos fundidos em problemas \u00e0 resolver. \u00a0At\u00e9 que de um canto come\u00e7amos a ouvir uma voz sonora em meio \u00e0 este cen\u00e1rio. Ao seguir o som deparamos com um funcion\u00e1rio\u00a0alto,\u00a0de bom porte, impec\u00e1vel uniforme, sorriso marcante, largo e expressivo cumprimentando \u00e0 todos!<\/p>\n<p>-&#8220;Bom dia! Bom trabalho&#8221;, &#8220;Boa noite! Bom descanso!&#8221;&#8221;Como vai o senhor tudo bem?&#8221; &#8220;e a senhora?&#8221;<\/p>\n<p>Incessantemente sua voz forte arrasta um cumprimento coletivo. Algumas pessoas, que j\u00e1 o conhecem param para dar um abra\u00e7o ou fazer um cumprimento mais demorado, outras s\u00f3 sorriem num gesto de retribui\u00e7\u00e3o, mas tamb\u00e9m h\u00e1 aquelas que continuam passando velozes sem perceber ou olhar para o funcion\u00e1rio. Pr\u00f3ximo \u00e0 roleta dos velhinhos, \u00e9 onde o podemos encontrar. E \u00e9 l\u00e1 onde a conversa se prolonga e passa a ser mais familiar. &#8220;Ol\u00e1 Jovem! t\u00e1 elegante hoje!&#8221; e o velhote vaidoso ajusta o casaco no corpo, respondendo em seguida com um agradecimento e um aperto de m\u00e3os.<\/p>\n<p><a href=\"https:\/\/blogs.oglobo.globo.com\/gente-boa\/post\/funcionarios-do-metro-ganham-presentes-de-clientes-da-estacao-carioca.html?utm_source=Facebook&amp;utm_medium=Social&amp;utm_campaign=O%20Globo\">https:\/\/blogs.oglobo.globo.com\/gente-boa\/post\/funcionarios-do-metro-ganham-presentes-de-clientes-da-estacao-carioca.html?utm_source=Facebook&amp;utm_medium=Social&amp;utm_campaign=O%20Globo<\/a><\/p>\n<p>N\u00e3o h\u00e1 como n\u00e3o ficar curioso em saber como, em meio \u00e0 tantas cabe\u00e7as passando depressa pela sua frente, surgiu a coragem ou est\u00edmulo para interromper aquele movimento quase hipn\u00f3tico, compulsivo, de ida e vinda do trabalho. Afinal, \u00e9 um &#8220;Bom dia&#8221; esfuziante! Parei para conversar com ele. O seu nome \u00e9 Jo\u00e3o Felipe, que inspirado ou n\u00e3o, responde \u00e0 minha curiosidade &#8220;tenho a sensa\u00e7\u00e3o de que esse cumprimento di\u00e1rio aproxima, familiariza de alguma forma as pessoas que passam por aqui. Comecei a observar que ningu\u00e9m mais se cumprimenta e eu n\u00e3o fui criado assim&#8221;.\u00a0 Achei interessante e como devia mesmo passar por l\u00e1 em hor\u00e1rios diversos, pude reparar que seu cumprimento \u00e9 ininterrupto, ao sairmos da esta\u00e7\u00e3o, ele continua ali, saudando os atrasados, deslocados ou alternativos com a mesma postura, sempre o mesmo. Ergue-se do seu banquinho, quase sempre se coloca de p\u00e9, auxiliando os idosos ou a quem mais pedir, brincando com eles ou puxando conversa, mas sem tirar os olhos da seguran\u00e7a e dos compromissos da fun\u00e7\u00e3o.<\/p>\n<p><a href=\"https:\/\/i0.wp.com\/www.kwpessoaseotrabalho.com\/wp-content\/uploads\/2017\/05\/metro-rio.jpg?ssl=1\"><img data-recalc-dims=\"1\" loading=\"lazy\" decoding=\"async\" class=\"size-medium wp-image-797 aligncenter\" src=\"https:\/\/i0.wp.com\/www.kwpessoaseotrabalho.com\/wp-content\/uploads\/2017\/05\/metro-rio.jpg?resize=300%2C225&#038;ssl=1\" alt=\"\" width=\"300\" height=\"225\" srcset=\"https:\/\/i0.wp.com\/www.kwpessoaseotrabalho.com\/wp-content\/uploads\/2017\/05\/metro-rio.jpg?resize=300%2C225&amp;ssl=1 300w, https:\/\/i0.wp.com\/www.kwpessoaseotrabalho.com\/wp-content\/uploads\/2017\/05\/metro-rio.jpg?w=550&amp;ssl=1 550w\" sizes=\"auto, (max-width: 300px) 100vw, 300px\" \/><\/a><\/p>\n<p>&#8221; Qual o segredo da sua motiva\u00e7\u00e3o?&#8221; perguntei num outro dia ap\u00f3s ver que o quadro n\u00e3o se modificava. Calmamente, sorriso largo, s\u00f3 respondeu: &#8221; &#8211; Voc\u00eas!&#8221;<\/p>\n<p>N\u00e3o desperdi\u00e7ou palavras, nem se envaideceu o que me despertou mais ainda a vontade de saber a fonte de uma rela\u00e7\u00e3o t\u00e3o saud\u00e1vel com seu trabalho \u00a0e com as pessoas. \u00c0 partir da\u00ed, decidi por em pr\u00e1tica uma ideia incubada de reservar um espa\u00e7o para os trabalhadores an\u00f4nimos que, assim como ele, fazem de sua tarefa aparentemente &#8220;corriqueira&#8221; em algo diferenciado, de um ambiente carregado de tens\u00e3o e pouca luz do sol, num clima de energia boa, desconcentrando o \u00f3bvio, transformando a rotina numa divers\u00e3o, o cansa\u00e7o numa miss\u00e3o e a alegria na sua maior recompensa.<\/p>\n<p>Decidida, fui al\u00e9m, e perguntei se o poderia filmar. Ele assentiu e agradeceu, sempre sorrindo. Percebi ao longo de nossas conversas que A MOTIVA\u00c7\u00c3O, como j\u00e1 desconfiara,\u00a0n\u00e3o lhe foi dada ou ensinada com t\u00e9cnicas ou jogos interativos e din\u00e2micas, nada al\u00e9m de uma boa educa\u00e7\u00e3o familiar que ele deseja passar para seus filhos.<\/p>\n<blockquote><p><em>A motiva\u00e7\u00e3o \u00e9 \u00a0pessoal, apreendida individualmente e se relaciona com a sabedoria.<\/em><\/p>\n<p><em>\u00c9 uma escolha.\u00a0<\/em><\/p><\/blockquote>\n<p>N\u00e3o vem de fora, n\u00e3o diz respeito \u00e0 cren\u00e7a ou inten\u00e7\u00e3o. N\u00e3o varia. \u00c9 um caminho certo que poucos de n\u00f3s resolvemos trilhar em nosso dia a dia. Um caminho escondido, dif\u00edcil mesmo de ser encontrado da forma como perdidos estamos em meio \u00e0 distra\u00e7\u00f5es e pensamentos \u00e0 todo instante. \u00c9 uma fonte de energia inesgot\u00e1vel, pura \u00e1gua cristalina que n\u00e3o se incomoda com os dejetos e a polui\u00e7\u00e3o lan\u00e7ados pelos maus, invejosos ou qualquer natureza err\u00f4nea. Filtrando, se retroalimenta, se fortifica e se mant\u00e9m ilesa.<\/p>\n<p>O Jo\u00e3o Felipe trabalha h\u00e1 tr\u00eas anos no Metr\u00f4 da Carioca, sua fonte \u00e9 viva, sua inten\u00e7\u00e3o \u00e9 nenhuma, seu diferencial \u00e9 evidente, sua a\u00e7\u00e3o o caracteriza.<\/p>\n<p>Jo\u00e3o Felipe \u00e9 o nosso PRIMEIRO TALENTO AN\u00d4NIMO deste Blog.<\/p>\n<p>&nbsp;<\/p>\n","protected":false},"excerpt":{"rendered":"<p>A CARIOCA DO JO\u00c3O FELIPE Saio do Metr\u00f4 no hor\u00e1rio de rush e outros passageiros descem comigo, todos apressados, a grande maioria vai rumo \u00e0 mais uma jornada de trabalho. A esta\u00e7\u00e3o est\u00e1 sempre bem movimentada e \u00e9 conhecida, merecidamente,&#8230;<\/p>\n","protected":false},"author":1,"featured_media":800,"comment_status":"open","ping_status":"open","sticky":false,"template":"","format":"standard","meta":{"jetpack_post_was_ever_published":false,"_jetpack_newsletter_access":"","_jetpack_dont_email_post_to_subs":false,"_jetpack_newsletter_tier_id":0,"_jetpack_memberships_contains_paywalled_content":false,"_jetpack_memberships_contains_paid_content":false,"footnotes":"","jetpack_publicize_message":"","jetpack_publicize_feature_enabled":true,"jetpack_social_post_already_shared":true,"jetpack_social_options":{"image_generator_settings":{"template":"highway","default_image_id":0,"font":"","enabled":false},"version":2}},"categories":[1],"tags":[24,26,25,23],"class_list":["post-627","post","type-post","status-publish","format-standard","has-post-thumbnail","hentry","category-humano-como-recurso","tag-anonimos","tag-diferenca","tag-habilidade","tag-talentos"],"jetpack_publicize_connections":[],"jetpack_featured_media_url":"https:\/\/i0.wp.com\/www.kwpessoaseotrabalho.com\/wp-content\/uploads\/2017\/05\/26813882_1965050873534582_8700392913105846272_n.jpg?fit=540%2C282&ssl=1","jetpack_sharing_enabled":true,"jetpack_shortlink":"https:\/\/wp.me\/p73n8l-a7","_links":{"self":[{"href":"https:\/\/www.kwpessoaseotrabalho.com\/index.php\/wp-json\/wp\/v2\/posts\/627","targetHints":{"allow":["GET"]}}],"collection":[{"href":"https:\/\/www.kwpessoaseotrabalho.com\/index.php\/wp-json\/wp\/v2\/posts"}],"about":[{"href":"https:\/\/www.kwpessoaseotrabalho.com\/index.php\/wp-json\/wp\/v2\/types\/post"}],"author":[{"embeddable":true,"href":"https:\/\/www.kwpessoaseotrabalho.com\/index.php\/wp-json\/wp\/v2\/users\/1"}],"replies":[{"embeddable":true,"href":"https:\/\/www.kwpessoaseotrabalho.com\/index.php\/wp-json\/wp\/v2\/comments?post=627"}],"version-history":[{"count":14,"href":"https:\/\/www.kwpessoaseotrabalho.com\/index.php\/wp-json\/wp\/v2\/posts\/627\/revisions"}],"predecessor-version":[{"id":799,"href":"https:\/\/www.kwpessoaseotrabalho.com\/index.php\/wp-json\/wp\/v2\/posts\/627\/revisions\/799"}],"wp:featuredmedia":[{"embeddable":true,"href":"https:\/\/www.kwpessoaseotrabalho.com\/index.php\/wp-json\/wp\/v2\/media\/800"}],"wp:attachment":[{"href":"https:\/\/www.kwpessoaseotrabalho.com\/index.php\/wp-json\/wp\/v2\/media?parent=627"}],"wp:term":[{"taxonomy":"category","embeddable":true,"href":"https:\/\/www.kwpessoaseotrabalho.com\/index.php\/wp-json\/wp\/v2\/categories?post=627"},{"taxonomy":"post_tag","embeddable":true,"href":"https:\/\/www.kwpessoaseotrabalho.com\/index.php\/wp-json\/wp\/v2\/tags?post=627"}],"curies":[{"name":"wp","href":"https:\/\/api.w.org\/{rel}","templated":true}]}}