{"id":653,"date":"2018-12-15T02:13:25","date_gmt":"2018-12-15T02:13:25","guid":{"rendered":"http:\/\/www.kwspessoaseotrabalho.com\/?p=653"},"modified":"2019-01-18T12:31:33","modified_gmt":"2019-01-18T12:31:33","slug":"profissaovocacao-ou-emprego-por-onde-anda-voce","status":"publish","type":"post","link":"https:\/\/www.kwpessoaseotrabalho.com\/index.php\/2018\/12\/15\/profissaovocacao-ou-emprego-por-onde-anda-voce\/","title":{"rendered":"Profiss\u00e3o,Voca\u00e7\u00e3o ou Emprego. Por onde anda voc\u00ea?"},"content":{"rendered":"\n<p class=\"has-drop-cap\">Dif\u00edcil \u00e9 saber distinguir onde nos situamos profissionalmente, por op\u00e7\u00e3o ou pela falta dela, pois h\u00e1 sempre uma indefini\u00e7\u00e3o alongada devido \u00e0 voraz degluti\u00e7\u00e3o do nosso tempo.<\/p>\n\n\n\n<p>Muitas vezes pensamos seguir uma <strong>voca\u00e7\u00e3o, <\/strong>aquela voz interior que geralmente vem l\u00e1 de tr\u00e1s e do fundo,\u00a0mas na hora de a p\u00f4r em pr\u00e1tica podemos nos deparar com truculentos empecilhos que nos cortam as asas at\u00e9 um dia entendermos que n\u00e3o podemos com elas voar.\u00a0 Outras vezes, estamos t\u00e3o distante de n\u00f3s mesmos, que passamos a vida sem a conhecer, quanto dir\u00e1 dela usufruir.\u00a0 E assim, com a vis\u00e3o emba\u00e7ada, pois a mente facilmente se distrai quando n\u00e3o estamos onde devemos estar, perdemos o foco e tudo fica a ser quase sempre vago, incerto&#8230; um olhar m\u00edope da realidade.<\/p>\n\n\n\n<div class=\"wp-block-cover has-background-dim-30 has-background-dim aligncenter is-layout-flow wp-block-cover-is-layout-flow\" style=\"background-image:url(https:\/\/www.kwpessoaseotrabalho.com\/wp-content\/uploads\/2018\/12\/voca\u00e7\u00e3o-4.jpg)\"><\/div>\n\n\n\n<p>Vamos ent\u00e3o nos virando, aos trope\u00e7os, caindo em buracos, construindo trabalhosos castelos \u00e0 beira d&#8217;\u00e1gua, arriscando aqui e ali, at\u00e9 o tempo se esgotar e vamos conseguindo, de alguma maneira, chegar ao fim da miss\u00e3o que \u00e9 cumprir com o que temos \u00e0 frente e at\u00e9 o fim, sendo este ou n\u00e3o o real sentido da nossa hist\u00f3ria.<\/p>\n\n\n\n<p>Resumidamente constatamos que as dificuldades e distra\u00e7\u00f5es acabaram por nos fazer perder o caminho da voca\u00e7\u00e3o. Quando se perde o contato com o interno, o externo comanda, o que est\u00e1 em torno dita o destino, a dispers\u00e3o do seu &#8220;eu&#8221; engole o tempo, o fim se aproxima e quando se v\u00ea, n\u00e3o sobra nada de voc\u00ea. Nada de original. Voc\u00ea se perde na necessidade de viver, sem nunca ter realmente entendido a raz\u00e3o que o fez e para que fez estar aqui vivendo.<\/p>\n\n\n\n<p>Passamos ent\u00e3o a perseguir uma <strong>profiss\u00e3o.<\/strong> Quantas ferramentas iremos precisar para a formar? Quanto de sacrif\u00edcio faremos para fazer dela a nossa voca\u00e7\u00e3o? \u00c9 preciso investir, pois como sabemos, n\u00e3o \u00e9 um dom, pois mesmo que fosse, vender o peixe nunca \u00e9 simples, por isso, h\u00e1 que se ter recursos para captar compet\u00eancias, para que se sobreponha e isso tamb\u00e9m requer o que quase sempre n\u00e3o se tem&#8230;<\/p>\n\n\n\n<div class=\"wp-block-image\"><figure class=\"aligncenter\"><img data-recalc-dims=\"1\" loading=\"lazy\" decoding=\"async\" width=\"281\" height=\"179\" src=\"https:\/\/i0.wp.com\/www.kwpessoaseotrabalho.com\/wp-content\/uploads\/2018\/11\/ufa.jpg?resize=281%2C179&#038;ssl=1\" alt=\"\" class=\"wp-image-969\"\/><\/figure><\/div>\n\n\n\n<p>Passemos ent\u00e3o a nos contentar com um <strong>emprego<\/strong>. <em>&#8220;Tenho que ter um lugar para morar, comer e uma roupa para vestir ao menos&#8230;&#8221; <\/em>Quanta necessidade precisa existir para se contentar apenas com\u00a0um m\u00edsero emprego? A pir\u00e2mide de Maslow se ergue n\u00e3o apenas como uma pesquisa sociol\u00f3gica de suprir necessidades humanas e se fixa, pesadamente, na realidade cruel que limita o destino. Como essa que constru\u00ed aqui abaixo em PowerPoint&#8230;<\/p>\n\n\n\n<figure class=\"wp-block-image\"><a href=\"https:\/\/i0.wp.com\/www.kwspessoaseotrabalho.com\/wp-content\/uploads\/2017\/08\/ScreenHunter_354-Aug.-04-21.06.jpg\"><img data-recalc-dims=\"1\" loading=\"lazy\" decoding=\"async\" width=\"640\" height=\"484\" src=\"https:\/\/i0.wp.com\/www.kwpessoaseotrabalho.com\/wp-content\/uploads\/2017\/08\/ScreenHunter_354-Aug.-04-21.06.jpg?resize=640%2C484&#038;ssl=1\" alt=\"\" class=\"wp-image-662\" srcset=\"https:\/\/i0.wp.com\/www.kwpessoaseotrabalho.com\/wp-content\/uploads\/2017\/08\/ScreenHunter_354-Aug.-04-21.06.jpg?w=659&amp;ssl=1 659w, https:\/\/i0.wp.com\/www.kwpessoaseotrabalho.com\/wp-content\/uploads\/2017\/08\/ScreenHunter_354-Aug.-04-21.06.jpg?resize=300%2C227&amp;ssl=1 300w\" sizes=\"auto, (max-width: 640px) 100vw, 640px\" \/><\/a><\/figure>\n\n\n\n<p>Como superar a realidade se na vis\u00e3o esticada para fora, para o que nos rodeia, n\u00e3o encontramos sequer as m\u00ednimas possibilidade de se ter uma profiss\u00e3o, muito menos descobrir a nossa voca\u00e7\u00e3o? <em>&#8220;As coisas s\u00e3o como devem ser&#8221; <\/em>algu\u00e9m nos diz apaziguando ao que, em seguida, vem a indaga\u00e7\u00e3o<em>:\u00a0 &#8220;Ser\u00e1 que um musicista genial jamais nasceria, pela ordem Divina, num deserto ou no Afeganist\u00e3o?\u00a0 Haver\u00e1 tanta ordem assim no destino de cada um dessa imensa popula\u00e7\u00e3o? Ou ser\u00e1 que esse musicista ouvir\u00e1 o som das patas do camelo no deserto e sua inspira\u00e7\u00e3o vocacional intuir\u00e1 notas musicais, far\u00e1 da pele do camelo e uma lata de \u00e1gua um instrumento e partir\u00e1 por algum motivo para algum o\u00e1sis onde algu\u00e9m encontrar\u00e1 seus talentosos ouvidos e lhe dar\u00e1 uma oportunidade? <\/em>Oxal\u00e1, me traria esperan\u00e7a de escrever isolada em algum lugar que ningu\u00e9m v\u00ea&#8230;<\/p>\n\n\n\n<div class=\"wp-block-cover has-background-dim-40 has-background-dim is-layout-flow wp-block-cover-is-layout-flow\" style=\"background-image:url(https:\/\/www.kwpessoaseotrabalho.com\/wp-content\/uploads\/2018\/12\/deserto-1.jpg)\"><p class=\"wp-block-cover-text\">&#8230;e no deserto<\/p><\/div>\n\n\n\n<p>Se a vis\u00e3o espiritualista nos diz que tudo tem uma raz\u00e3o de ser, at\u00e9 mesmo o erro, eu diria que se assim for, o livre arb\u00edtrio n\u00e3o \u00e9 t\u00e3o livre assim&#8230;<\/p>\n","protected":false},"excerpt":{"rendered":"<p>Dif\u00edcil \u00e9 saber distinguir onde nos situamos profissionalmente, por op\u00e7\u00e3o ou pela falta dela, pois h\u00e1 sempre uma indefini\u00e7\u00e3o alongada devido \u00e0 voraz degluti\u00e7\u00e3o do nosso tempo. Muitas vezes pensamos seguir uma voca\u00e7\u00e3o, aquela voz interior que geralmente vem l\u00e1&#8230;<\/p>\n","protected":false},"author":1,"featured_media":1176,"comment_status":"open","ping_status":"open","sticky":false,"template":"","format":"quote","meta":{"jetpack_post_was_ever_published":false,"_jetpack_newsletter_access":"","_jetpack_dont_email_post_to_subs":false,"_jetpack_newsletter_tier_id":0,"_jetpack_memberships_contains_paywalled_content":false,"_jetpack_memberships_contains_paid_content":false,"footnotes":"","jetpack_publicize_message":"","jetpack_publicize_feature_enabled":true,"jetpack_social_post_already_shared":true,"jetpack_social_options":{"image_generator_settings":{"template":"highway","default_image_id":0,"font":"","enabled":false},"version":2}},"categories":[1],"tags":[],"class_list":["post-653","post","type-post","status-publish","format-quote","has-post-thumbnail","hentry","category-humano-como-recurso","post_format-post-format-quote"],"jetpack_publicize_connections":[],"jetpack_featured_media_url":"https:\/\/i0.wp.com\/www.kwpessoaseotrabalho.com\/wp-content\/uploads\/2018\/12\/voca%C3%A7%C3%A3o-1.jpg?fit=660%2C330&ssl=1","jetpack_sharing_enabled":true,"jetpack_shortlink":"https:\/\/wp.me\/p73n8l-ax","_links":{"self":[{"href":"https:\/\/www.kwpessoaseotrabalho.com\/index.php\/wp-json\/wp\/v2\/posts\/653","targetHints":{"allow":["GET"]}}],"collection":[{"href":"https:\/\/www.kwpessoaseotrabalho.com\/index.php\/wp-json\/wp\/v2\/posts"}],"about":[{"href":"https:\/\/www.kwpessoaseotrabalho.com\/index.php\/wp-json\/wp\/v2\/types\/post"}],"author":[{"embeddable":true,"href":"https:\/\/www.kwpessoaseotrabalho.com\/index.php\/wp-json\/wp\/v2\/users\/1"}],"replies":[{"embeddable":true,"href":"https:\/\/www.kwpessoaseotrabalho.com\/index.php\/wp-json\/wp\/v2\/comments?post=653"}],"version-history":[{"count":28,"href":"https:\/\/www.kwpessoaseotrabalho.com\/index.php\/wp-json\/wp\/v2\/posts\/653\/revisions"}],"predecessor-version":[{"id":1514,"href":"https:\/\/www.kwpessoaseotrabalho.com\/index.php\/wp-json\/wp\/v2\/posts\/653\/revisions\/1514"}],"wp:featuredmedia":[{"embeddable":true,"href":"https:\/\/www.kwpessoaseotrabalho.com\/index.php\/wp-json\/wp\/v2\/media\/1176"}],"wp:attachment":[{"href":"https:\/\/www.kwpessoaseotrabalho.com\/index.php\/wp-json\/wp\/v2\/media?parent=653"}],"wp:term":[{"taxonomy":"category","embeddable":true,"href":"https:\/\/www.kwpessoaseotrabalho.com\/index.php\/wp-json\/wp\/v2\/categories?post=653"},{"taxonomy":"post_tag","embeddable":true,"href":"https:\/\/www.kwpessoaseotrabalho.com\/index.php\/wp-json\/wp\/v2\/tags?post=653"}],"curies":[{"name":"wp","href":"https:\/\/api.w.org\/{rel}","templated":true}]}}