{"id":680,"date":"2017-11-06T00:28:00","date_gmt":"2017-11-06T00:28:00","guid":{"rendered":"https:\/\/www.kwpessoaseotrabalho.com\/?p=680"},"modified":"2019-01-22T21:22:09","modified_gmt":"2019-01-22T21:22:09","slug":"a-historia-triste-de-um-pais-orfao-e-sem-educacao","status":"publish","type":"post","link":"https:\/\/www.kwpessoaseotrabalho.com\/index.php\/2017\/11\/06\/a-historia-triste-de-um-pais-orfao-e-sem-educacao\/","title":{"rendered":"A Hist\u00f3ria Triste de um Pa\u00eds \u00d3rf\u00e3o e Sem Educa\u00e7\u00e3o"},"content":{"rendered":"\n<p class=\"has-drop-cap\">Tormento no ar, quer\u00eancias, indefini\u00e7\u00f5es, nenhuma ideia surge em meio a esta confus\u00e3o. Estamos sem rumo. Largados neste pa\u00eds gigantesco, diversificado, rico, relativamente jovem e, sem esperan\u00e7as, nosso idolatrado Brasil. A desordem \u00e9 tamanha que as not\u00edcias se misturam \u00e0 coment\u00e1rios insanos e mascarados deboches que s\u00f3 servem para fazer perder o peso, a gravidade de um prom\u00edscuo governo. A veracidade dos fatos, as fontes de informa\u00e7\u00f5es viraram uma bandalha de partidos e jogos de acusa\u00e7\u00f5es que as pessoas perpetuam nas redes sociais inconsequentemente. Imparcial, o governo virou \u00e0s costas&nbsp; e faz a festa sozinho, se aproveitando do tumultuo proibiu nossa entrada e n\u00e3o se det\u00e9m. L\u00e1 dentro uma ou outra pe\u00e7a, sempre alerta,&nbsp; luta quase sozinha, em minoria, amea\u00e7ada de extin\u00e7\u00e3o.&nbsp; A in\u00e9rcia tomou conta da popula\u00e7\u00e3o, muitos abandonaram literalmente o barco e fugiram e os que ficaram olham preocupados e atentos ao seu metro quadrado antes que este se v\u00e1, minimizando o foco e deixando de lado o problema maior, o futuro da na\u00e7\u00e3o&#8230; De comum, apenas, a constata\u00e7\u00e3o da grave crise, hist\u00f3rica por sinal, que n\u00e3o \u00e9 s\u00f3 financeira e pol\u00edtica, mas \u00e9 moral e de identidade, ofuscando qualquer sentimento de nacionalismo. O lixo trazido \u00e0 tona diariamente, ordinariamente, emba\u00e7a a vis\u00e3o e j\u00e1 n\u00e3o se consegue apontar culpados e tomar decis\u00f5es, muito menos lutar.<\/p>\n\n\n\n<figure class=\"wp-block-image\"><img data-recalc-dims=\"1\" loading=\"lazy\" decoding=\"async\" width=\"620\" height=\"415\" src=\"https:\/\/i0.wp.com\/www.kwpessoaseotrabalho.com\/wp-content\/uploads\/2017\/11\/escola-no-suburbio.jpg?resize=620%2C415&#038;ssl=1\" alt=\"\" class=\"wp-image-1318\" srcset=\"https:\/\/i0.wp.com\/www.kwpessoaseotrabalho.com\/wp-content\/uploads\/2017\/11\/escola-no-suburbio.jpg?w=620&amp;ssl=1 620w, https:\/\/i0.wp.com\/www.kwpessoaseotrabalho.com\/wp-content\/uploads\/2017\/11\/escola-no-suburbio.jpg?resize=300%2C201&amp;ssl=1 300w\" sizes=\"auto, (max-width: 620px) 100vw, 620px\" \/><\/figure>\n\n\n\n<p>Me pergunto se essa ser\u00e1 apenas mais uma pensada estrat\u00e9gia de gerar uma terr\u00edvel manipula\u00e7\u00e3o popular, confusa, porque sendo contradit\u00f3rias, as partes se anulam por elas pr\u00f3prias. Povo discutindo com povo. A desuni\u00e3o que enfraquece e deprime. Terreno prop\u00edcio para o dom\u00ednio e a perman\u00eancia do mal.<\/p>\n\n\n\n<p>Mas, otimisticamente&#8230;<\/p>\n\n\n\n<p>N\u00e3o acredito que haja por tr\u00e1s um prop\u00f3sito, uma &#8220;engenharia&#8221; que seria, neste caso, quase &#8220;maquiav\u00e9lica&#8221;. Como tamb\u00e9m n\u00e3o acredito na justificativa simplista de que tudo de ruim que est\u00e1 acontecendo s\u00e3o as contas para pagar trazidas pelo governo x,y ou z, de uma \u00e9poca tal ou atual, ou muito menos que venha de um partido espec\u00edfico, muito menos de um pol\u00edtico, n\u00e3o lhes dou esse cr\u00e9dito para tamanho estrago. Infelizmente o que realmente penso, depois de uma reflex\u00e3o, revendo o hist\u00f3rico de nosso pa\u00eds \u00e9 que o que nos limita como seres humanos \u00e9 algo bem mais s\u00e9rio e profundo e, por isso, muito mais grave. Uma doen\u00e7a cong\u00eanita nacional que se arrasta com crises, colapsos e lutas por todos os seus 517 anos de vida, sem nunca ter sido realmente tratada. Uma doen\u00e7a passada de gera\u00e7\u00e3o \u00e0 gera\u00e7\u00e3o, de ignor\u00e2ncia, de sobrevida. Fomos e somos \u00f3rf\u00e3os abandonados, sem identidade, e n\u00e3o aprendemos a cuidar de n\u00f3s mesmos, falta-nos o ant\u00eddoto, o rem\u00e9dio que ergueu todas as na\u00e7\u00f5es bem posicionadas no mundo. Falta-nos e sempre faltou-nos, EDUCA\u00c7\u00c3O.<\/p>\n\n\n\n<div class=\"wp-block-image\"><figure class=\"aligncenter\"><img data-recalc-dims=\"1\" loading=\"lazy\" decoding=\"async\" width=\"300\" height=\"169\" src=\"https:\/\/i0.wp.com\/www.kwpessoaseotrabalho.com\/wp-content\/uploads\/2017\/11\/EDUCA%C3%87%C3%83O-4.jpg?resize=300%2C169&#038;ssl=1\" alt=\"\" class=\"wp-image-689\" srcset=\"https:\/\/i0.wp.com\/www.kwpessoaseotrabalho.com\/wp-content\/uploads\/2017\/11\/EDUCA%C3%87%C3%83O-4.jpg?resize=300%2C169&amp;ssl=1 300w, https:\/\/i0.wp.com\/www.kwpessoaseotrabalho.com\/wp-content\/uploads\/2017\/11\/EDUCA%C3%87%C3%83O-4.jpg?w=600&amp;ssl=1 600w\" sizes=\"auto, (max-width: 300px) 100vw, 300px\" \/><\/figure><\/div>\n\n\n\n<p>O Brasil teve desde o nascimento, uma explora\u00e7\u00e3o predat\u00f3ria, onde suas terras foram sugadas, rasgadas, manchadas de sangue inocente, sua popula\u00e7\u00e3o nativa dizimada, escravizada. Suas riquezas roubadas, contrabandeadas. Os que aqui vinham tiravam tudo e deixavam s\u00f3 os filhos bastardos, miscigenados em ra\u00e7as, costumes, l\u00ednguas, sem herdar um centavo, nem mesmo amor, muito menos educa\u00e7\u00e3o. Esses gananciosos exploradores, acharam riquezas de todos os tipos, agr\u00edcolas, minerais, territoriais, levavam tudo que viam, e de gra\u00e7a. Portugueses, espanh\u00f3is, holandeses, franceses numa explora\u00e7\u00e3o cont\u00ednua, sem limites. Chegavam, tiravam e nada investiam. Os \u00edndios, ignorantes e puros, ajudaram at\u00e9 onde podiam, at\u00e9 enxergarem a maldade e com justificada raiva, lutaram e comeram at\u00e9 as v\u00edsceras daqueles que outrora foram visitantes bem vindos. Colocaram no pacote dos homens brancos a praga do fumo para que levassem para casa a promessa de uma morte anunciada. Lutaram, mas n\u00e3o resistiram por muito mais tempo. Estavam nus. N\u00e3o tinham nada. Sobraram poucos, os que se renderam, trabalharam, for\u00e7ados ou n\u00e3o. Eles foram os olhos e os p\u00e9s desses homens desalmados que os desprezavam pelas terras que exploravam.\u00a0Depois, vieram os negros, trazidos como objetos, sem distin\u00e7\u00e3o, e os fizeram escravos. Fizeram filhos puros e mesti\u00e7os, negros e \u00edndios e brancos. Mamelucos, mulatos, caboclos, misturados na escravid\u00e3o. Os brancos que aqui fizeram moradia mandavam seus filhos \u00e0 Europa para estudar. Filhos leg\u00edtimos que estudavam e voltavam e casavam-se com os brancos em iguais condi\u00e7\u00f5es e faziam outros filhos bastardos, sem direito \u00e0 educa\u00e7\u00e3o. Houve um momento na hist\u00f3ria que a realeza veio, mas assim como veio, foi embora. Deixou seu filho branco que gostou do cen\u00e1rio de prazeres livres e aqui disse: &#8220;Diga ao povo que fico!&#8221; mas n\u00e3o\u00a0 os acalentou e os filhos bastardos, negros e \u00edndios nem tampouco educou. N\u00e3o paravam de trazer escravos, pois o ouro foi encontrado! Essa terra se encheu de escravos e seus exploradores brancos, na grande maioria portugueses, para fugir dos quinto dos infernos, corrompiam, aliciavam e o contrabando, a corrup\u00e7\u00e3o j\u00e1\u00a0 assim fazia sua estr\u00e9ia. \u00c0 um dado momento, j\u00e1 na segunda descend\u00eancia da monarquia, o Paraguai entrou em guerra com o Brasil, seis anos de guerra sangrenta. Os escravos vestiram uniformes e lutaram, mas muitos morreram, de l\u00e1 e de c\u00e1. Nesses seis anos de luta, os escravos se conheceram entre estados e, com o prop\u00f3sito de combater os paraguaios ganharam a alforria. Isabel, filha de D. Pedro II, ent\u00e3o monarca, viu que n\u00e3o havia outra hip\u00f3tese sen\u00e3o os libertar. A monarquia acabou, os brancos continuaram ricos, alguns negros conseguiram se safar, mas nunca puderam estudar. De algum modo por\u00e9m a guerra conseguiu trazer a sombra de um sentimento nacionalista e esses filhos de escravos, \u00edndios e bastardos eram agora brasileiros filhos dessa na\u00e7\u00e3o. Alguns portugueses tamb\u00e9m por aqui ficaram e transferiram para seus filhos brancos suas terras, riquezas e o poder. Rep\u00fablica instaurada, depois passou a ser velha, entrou Get\u00falio Vargas, instituiu melhorias para os trabalhadores, o pa\u00eds crescia. Veio o Estado Novo, mas a educa\u00e7\u00e3o continuou esquecida, at\u00e9 mesmo com JK, nem com o regime militar, nem depois, nem agora, ela jamais foi um meio, nem decerto constou na pauta de um progresso popular.<\/p>\n\n\n\n<figure class=\"wp-block-embed-youtube wp-block-embed is-type-video is-provider-youtube wp-embed-aspect-16-9 wp-has-aspect-ratio\"><div class=\"wp-block-embed__wrapper\">\n<span class=\"embed-youtube\" style=\"text-align:center; display: block;\"><iframe loading=\"lazy\" class=\"youtube-player\" width=\"640\" height=\"360\" src=\"https:\/\/www.youtube.com\/embed\/9pQLXOaIDG0?version=3&#038;rel=1&#038;showsearch=0&#038;showinfo=1&#038;iv_load_policy=1&#038;fs=1&#038;hl=pt-BR&#038;autohide=2&#038;wmode=transparent\" allowfullscreen=\"true\" style=\"border:0;\" sandbox=\"allow-scripts allow-same-origin allow-popups allow-presentation allow-popups-to-escape-sandbox\"><\/iframe><\/span>\n<\/div><\/figure>\n\n\n\n<p>O Brasil tem uma popula\u00e7\u00e3o semi analfabeta e, para os que estudam, um ensino prec\u00e1rio. N\u00e3o h\u00e1 acesso \u00e0 estudos sociais, filos\u00f3ficos e ci\u00eancias que em todas as suas vertentes se encontra em est\u00e1gio prim\u00e1rio, n\u00e3o explora o racioc\u00ednio, deixando o povo esvair-se em superficialidades, em banalidades. N\u00e3o temos meios, ideias, nem ideais definidos. O potencial ainda vem de fora, as empresas, bancos e investimentos ainda s\u00e3o para extra\u00e7\u00e3o de riquezas em forma de capitais e lucros, nos mantendo apenas operantes e mal pagos, nas mesmas condi\u00e7\u00f5es de explora\u00e7\u00e3o do passado. Nossa m\u00eddia \u00e9 monopolizada e pobre de diversifica\u00e7\u00e3o. Nossa salva\u00e7\u00e3o \u00e9 a quase autodidata busca de conhecimentos, mesmo que desordenada, ainda restrita \u00e0 certos locais e condi\u00e7\u00f5es.<\/p>\n\n\n\n<figure class=\"wp-block-image\"><img data-recalc-dims=\"1\" loading=\"lazy\" decoding=\"async\" width=\"640\" height=\"876\" src=\"https:\/\/i0.wp.com\/www.kwpessoaseotrabalho.com\/wp-content\/uploads\/2017\/01\/11186315_867819963265659_953233013_n.jpg?resize=640%2C876&#038;ssl=1\" alt=\"\" class=\"wp-image-515\" srcset=\"https:\/\/i0.wp.com\/www.kwpessoaseotrabalho.com\/wp-content\/uploads\/2017\/01\/11186315_867819963265659_953233013_n.jpg?w=701&amp;ssl=1 701w, https:\/\/i0.wp.com\/www.kwpessoaseotrabalho.com\/wp-content\/uploads\/2017\/01\/11186315_867819963265659_953233013_n.jpg?resize=219%2C300&amp;ssl=1 219w\" sizes=\"auto, (max-width: 640px) 100vw, 640px\" \/><\/figure>\n\n\n\n<p>Deixar \u00e0 nossos descendentes um melhor acesso \u00e0 educa\u00e7\u00e3o de qualidade, \u00e0 um intelecto mais complexo, \u00e0 possibilidade de extrair da intelig\u00eancia individual, compet\u00eancia, e encher nossos hospitais, escolas, empresas, governos, artes, campos e florestas de potenciais humanos com novos horizontes. A nossa \u00fanica sa\u00edda. Aproveitar nosso patrim\u00f4nio ambiental e salvaguard\u00e1-lo da explora\u00e7\u00e3o estrangeira. Sentar \u00e0 mesa das na\u00e7\u00f5es unidas como iguais. Debater a inibi\u00e7\u00e3o de uma poss\u00edvel guerra mundial, de uma cat\u00e1strofe clim\u00e1tica devastadora. Convidar os estrangeiros a conhecer um pa\u00eds paradis\u00edaco e sem viol\u00eancia, que quase sempre \u00e9 fruto do desespero e da fome, ajudando tamb\u00e9m pa\u00edses mais pobres a se livrar dela. Aprender a negar o ato invasivo quando este n\u00e3o for bom para n\u00f3s. Adotar nossos filhos perdidos, passados e futuros e criar jovens saud\u00e1veis, sem medo, sem mimos desnecess\u00e1rios. Ter universidades que atraiam estudantes de todo o pa\u00eds e sejam refer\u00eancias de avan\u00e7os cient\u00edficos&#8230;h\u00e1 tanto que se pode fazer quando se tem a educa\u00e7\u00e3o<\/p>\n\n\n\n<div class=\"wp-block-image\"><figure class=\"aligncenter\"><img data-recalc-dims=\"1\" loading=\"lazy\" decoding=\"async\" width=\"300\" height=\"225\" src=\"https:\/\/i0.wp.com\/www.kwpessoaseotrabalho.com\/wp-content\/uploads\/2017\/11\/EDUCA%C3%87%C3%83O-5.jpg?resize=300%2C225&#038;ssl=1\" alt=\"\" class=\"wp-image-697\" srcset=\"https:\/\/i0.wp.com\/www.kwpessoaseotrabalho.com\/wp-content\/uploads\/2017\/11\/EDUCA%C3%87%C3%83O-5.jpg?resize=300%2C225&amp;ssl=1 300w, https:\/\/i0.wp.com\/www.kwpessoaseotrabalho.com\/wp-content\/uploads\/2017\/11\/EDUCA%C3%87%C3%83O-5.jpg?resize=768%2C576&amp;ssl=1 768w, https:\/\/i0.wp.com\/www.kwpessoaseotrabalho.com\/wp-content\/uploads\/2017\/11\/EDUCA%C3%87%C3%83O-5.jpg?w=960&amp;ssl=1 960w\" sizes=\"auto, (max-width: 300px) 100vw, 300px\" \/><\/figure><\/div>\n\n\n\n<p>Temos uma elei\u00e7\u00e3o \u00e0 frente, cada um de n\u00f3s dar\u00e1 seu voto. Vamos esquecer as desaven\u00e7as partid\u00e1rias. Vamos estudar \u00e0 fundo os projetos de cada um dos pol\u00edticos, vamos examinar suas fichas, seus ideais, vamos buscar todas as informa\u00e7\u00f5es poss\u00edveis e imagin\u00e1veis. Vamos abrir a porta para uma reviravolta hist\u00f3rica t\u00e3o grande quanto a crise em que estamos. Vamos amadurecer e parar de discutir pol\u00edtica como se estiv\u00e9ssemos vendo um jogo de futebol. Se for preciso, misturaremos os jogadores, mas vamos buscar os certos. Ainda estamos muito doentes, fracos, tontos por tanto abandono, mas a cura \u00e9 poss\u00edvel. Procuremos o que h\u00e1 de melhor, o que estiver ao alcance e com os olhos voltados para a educa\u00e7\u00e3o, nosso rem\u00e9dio vital. Nossa chance \u00e9 \u00fanica, limitada, mas ainda \u00e9 uma enorme chance.<\/p>\n\n\n\n<p>Sairemos dessa, s\u00f3 assim, mas sairemos&#8230;<\/p>\n\n\n\n<ul class=\"wp-block-gallery columns-2 is-cropped wp-block-gallery-1 is-layout-flex wp-block-gallery-is-layout-flex\"><li class=\"blocks-gallery-item\"><figure><img data-recalc-dims=\"1\" loading=\"lazy\" decoding=\"async\" width=\"300\" height=\"300\" src=\"https:\/\/i0.wp.com\/www.kwpessoaseotrabalho.com\/wp-content\/uploads\/2017\/11\/EXPLORA%C3%87%C3%83O.jpg?resize=300%2C300&#038;ssl=1\" alt=\"\" data-id=\"690\" class=\"wp-image-690\" srcset=\"https:\/\/i0.wp.com\/www.kwpessoaseotrabalho.com\/wp-content\/uploads\/2017\/11\/EXPLORA%C3%87%C3%83O.jpg?resize=300%2C300&amp;ssl=1 300w, https:\/\/i0.wp.com\/www.kwpessoaseotrabalho.com\/wp-content\/uploads\/2017\/11\/EXPLORA%C3%87%C3%83O.jpg?resize=150%2C150&amp;ssl=1 150w, https:\/\/i0.wp.com\/www.kwpessoaseotrabalho.com\/wp-content\/uploads\/2017\/11\/EXPLORA%C3%87%C3%83O.jpg?resize=50%2C50&amp;ssl=1 50w, https:\/\/i0.wp.com\/www.kwpessoaseotrabalho.com\/wp-content\/uploads\/2017\/11\/EXPLORA%C3%87%C3%83O.jpg?w=360&amp;ssl=1 360w\" sizes=\"auto, (max-width: 300px) 100vw, 300px\" \/><\/figure><\/li><li class=\"blocks-gallery-item\"><figure><img data-recalc-dims=\"1\" loading=\"lazy\" decoding=\"async\" width=\"640\" height=\"640\" src=\"https:\/\/i0.wp.com\/www.kwpessoaseotrabalho.com\/wp-content\/uploads\/2018\/12\/O-QUE-QUEREMOS.jpg?resize=640%2C640&#038;ssl=1\" alt=\"\" data-id=\"1240\" data-link=\"https:\/\/www.kwpessoaseotrabalho.com\/index.php\/2017\/11\/06\/a-historia-triste-de-um-pais-orfao-e-sem-educacao\/o-que-queremos-2\/\" class=\"wp-image-1240\" srcset=\"https:\/\/i0.wp.com\/www.kwpessoaseotrabalho.com\/wp-content\/uploads\/2018\/12\/O-QUE-QUEREMOS.jpg?w=768&amp;ssl=1 768w, https:\/\/i0.wp.com\/www.kwpessoaseotrabalho.com\/wp-content\/uploads\/2018\/12\/O-QUE-QUEREMOS.jpg?resize=150%2C150&amp;ssl=1 150w, https:\/\/i0.wp.com\/www.kwpessoaseotrabalho.com\/wp-content\/uploads\/2018\/12\/O-QUE-QUEREMOS.jpg?resize=300%2C300&amp;ssl=1 300w, https:\/\/i0.wp.com\/www.kwpessoaseotrabalho.com\/wp-content\/uploads\/2018\/12\/O-QUE-QUEREMOS.jpg?resize=50%2C50&amp;ssl=1 50w\" sizes=\"auto, (max-width: 640px) 100vw, 640px\" \/><\/figure><\/li><\/ul>\n","protected":false},"excerpt":{"rendered":"<p>Tormento no ar, quer\u00eancias, indefini\u00e7\u00f5es, nenhuma ideia surge em meio a esta confus\u00e3o. Estamos sem rumo. Largados neste pa\u00eds gigantesco, diversificado, rico, relativamente jovem e, sem esperan\u00e7as, nosso idolatrado Brasil. A desordem \u00e9 tamanha que as not\u00edcias se misturam \u00e0&#8230;<\/p>\n","protected":false},"author":1,"featured_media":1314,"comment_status":"open","ping_status":"open","sticky":false,"template":"","format":"standard","meta":{"jetpack_post_was_ever_published":false,"_jetpack_newsletter_access":"","_jetpack_dont_email_post_to_subs":false,"_jetpack_newsletter_tier_id":0,"_jetpack_memberships_contains_paywalled_content":false,"_jetpack_memberships_contains_paid_content":false,"footnotes":"","jetpack_publicize_message":"A Hist\u00f3ria Triste de um Pa\u00eds \u00d3rf\u00e3o e Sem Educa\u00e7\u00e3o","jetpack_publicize_feature_enabled":true,"jetpack_social_post_already_shared":true,"jetpack_social_options":{"image_generator_settings":{"template":"highway","default_image_id":0,"font":"","enabled":false},"version":2}},"categories":[1],"tags":[],"class_list":["post-680","post","type-post","status-publish","format-standard","has-post-thumbnail","hentry","category-humano-como-recurso"],"jetpack_publicize_connections":[],"jetpack_featured_media_url":"https:\/\/i0.wp.com\/www.kwpessoaseotrabalho.com\/wp-content\/uploads\/2017\/11\/7d6a964b7755ab717100b85a0e1870b6.jpg?fit=564%2C564&ssl=1","jetpack_sharing_enabled":true,"jetpack_shortlink":"https:\/\/wp.me\/p73n8l-aY","_links":{"self":[{"href":"https:\/\/www.kwpessoaseotrabalho.com\/index.php\/wp-json\/wp\/v2\/posts\/680","targetHints":{"allow":["GET"]}}],"collection":[{"href":"https:\/\/www.kwpessoaseotrabalho.com\/index.php\/wp-json\/wp\/v2\/posts"}],"about":[{"href":"https:\/\/www.kwpessoaseotrabalho.com\/index.php\/wp-json\/wp\/v2\/types\/post"}],"author":[{"embeddable":true,"href":"https:\/\/www.kwpessoaseotrabalho.com\/index.php\/wp-json\/wp\/v2\/users\/1"}],"replies":[{"embeddable":true,"href":"https:\/\/www.kwpessoaseotrabalho.com\/index.php\/wp-json\/wp\/v2\/comments?post=680"}],"version-history":[{"count":25,"href":"https:\/\/www.kwpessoaseotrabalho.com\/index.php\/wp-json\/wp\/v2\/posts\/680\/revisions"}],"predecessor-version":[{"id":1518,"href":"https:\/\/www.kwpessoaseotrabalho.com\/index.php\/wp-json\/wp\/v2\/posts\/680\/revisions\/1518"}],"wp:featuredmedia":[{"embeddable":true,"href":"https:\/\/www.kwpessoaseotrabalho.com\/index.php\/wp-json\/wp\/v2\/media\/1314"}],"wp:attachment":[{"href":"https:\/\/www.kwpessoaseotrabalho.com\/index.php\/wp-json\/wp\/v2\/media?parent=680"}],"wp:term":[{"taxonomy":"category","embeddable":true,"href":"https:\/\/www.kwpessoaseotrabalho.com\/index.php\/wp-json\/wp\/v2\/categories?post=680"},{"taxonomy":"post_tag","embeddable":true,"href":"https:\/\/www.kwpessoaseotrabalho.com\/index.php\/wp-json\/wp\/v2\/tags?post=680"}],"curies":[{"name":"wp","href":"https:\/\/api.w.org\/{rel}","templated":true}]}}